{"id":993,"date":"2017-03-09T12:09:52","date_gmt":"2017-03-09T10:09:52","guid":{"rendered":"http:\/\/marginalis.de\/?p=993"},"modified":"2017-03-09T12:10:42","modified_gmt":"2017-03-09T10:10:42","slug":"waermespeicher-im-gewaechshgaus-maerz-2017","status":"publish","type":"post","link":"https:\/\/marginalis.de\/?p=993","title":{"rendered":"W\u00e4rmespeicher im Gew\u00e4chshaus M\u00e4rz 2017"},"content":{"rendered":"<p>Nun habe ich auch noch ein aktuelles Bild f\u00fcr die letzten zehn Tage. Der Au\u00dfensensor ist leider im Moment ausgefallen (Batterie muss ausgetauscht werden), aber auf der Grafik kann man sehr gut sehen, wieviel W\u00e4rme in der Erde gespeichert wird. Die rote Linie ist die Innentemperatur im Gew\u00e4chshaus. Die Spitzen entstehen vor allem an sonnigen Tagen, wenn die Sonne direkt auf das Ger\u00e4t scheint. Das wird besser, wenn die Pflanzen anfangen zu wachsen und die Ger\u00e4te beschatten. Die braune Kurve misst die Temperatur der Luft am Ausgang der R\u00f6hren (konkret: eine der beiden tiefsten R\u00f6hren wird gemessen). Die Lufttemperatur schwankt viel mehr als die Temperatur des zweiten Thermometers, dass in der N\u00e4he der Erde ist. Besonders an kalten N\u00e4chten bleibt es \u00fcber 0\u00b0 (au\u00dfer am 25.2.). Das Gebl\u00e4se arbeitet nur recht kurze Zeiten im Moment, denn es f\u00e4ngt erst bei 10\u00b0 C an. Jetzt habe ich es auch so eingestellt, dass es auch bei -2\u00b0 angeht. Noch ist es in der Erde erst 5\u00b0, damit kann man die Luft im Gew\u00e4chshaus noch nicht besonders gut heizen. Die ges\u00e4ten Samen sind auch noch nicht gekeimt.<\/p>\n<div id=\"attachment_994\" style=\"width: 779px\" class=\"wp-caption aligncenter\"><a href=\"https:\/\/i0.wp.com\/marginalis.de\/wordpress\/wp-content\/uploads\/2017\/03\/Logger-Ma%CC%88rz2017.png?ssl=1\" rel=\"lightbox[993]\"><img data-recalc-dims=\"1\" loading=\"lazy\" decoding=\"async\" aria-describedby=\"caption-attachment-994\" class=\"size-full wp-image-994\" src=\"https:\/\/i0.wp.com\/marginalis.de\/wordpress\/wp-content\/uploads\/2017\/03\/Logger-Ma%CC%88rz2017.png?resize=769%2C504&#038;ssl=1\" alt=\"\" width=\"769\" height=\"504\" srcset=\"https:\/\/i0.wp.com\/marginalis.de\/wordpress\/wp-content\/uploads\/2017\/03\/Logger-Ma%CC%88rz2017.png?w=769&amp;ssl=1 769w, https:\/\/i0.wp.com\/marginalis.de\/wordpress\/wp-content\/uploads\/2017\/03\/Logger-Ma%CC%88rz2017.png?resize=300%2C197&amp;ssl=1 300w, https:\/\/i0.wp.com\/marginalis.de\/wordpress\/wp-content\/uploads\/2017\/03\/Logger-Ma%CC%88rz2017.png?resize=768%2C503&amp;ssl=1 768w, https:\/\/i0.wp.com\/marginalis.de\/wordpress\/wp-content\/uploads\/2017\/03\/Logger-Ma%CC%88rz2017.png?resize=458%2C300&amp;ssl=1 458w\" sizes=\"auto, (max-width: 769px) 100vw, 769px\" \/><\/a><p id=\"caption-attachment-994\" class=\"wp-caption-text\">Temperaturverlauf im M\u00e4rz 2017: Temperatur im Gew\u00e4chshaus<\/p><\/div>\n","protected":false},"excerpt":{"rendered":"<p>Nun habe ich auch noch ein aktuelles Bild f\u00fcr die letzten zehn Tage. Der Au\u00dfensensor ist leider im Moment ausgefallen (Batterie muss ausgetauscht werden), aber auf der Grafik kann man sehr gut sehen, wieviel W\u00e4rme in der Erde gespeichert wird. &hellip; <a class=\"more-link\" href=\"https:\/\/marginalis.de\/?p=993\">Weiterlesen <span class=\"meta-nav\">&rarr;<\/span><\/a><\/p>\n","protected":false},"author":2,"featured_media":0,"comment_status":"closed","ping_status":"closed","sticky":false,"template":"","format":"standard","meta":{"jetpack_post_was_ever_published":false,"_jetpack_newsletter_access":"","_jetpack_dont_email_post_to_subs":true,"_jetpack_newsletter_tier_id":0,"_jetpack_memberships_contains_paywalled_content":false,"_jetpack_memberships_contains_paid_content":false,"footnotes":"","jetpack_publicize_message":"","jetpack_publicize_feature_enabled":true,"jetpack_social_post_already_shared":true,"jetpack_social_options":{"image_generator_settings":{"template":"highway","default_image_id":0,"font":"","enabled":false},"version":2}},"categories":[4],"tags":[],"class_list":["post-993","post","type-post","status-publish","format-standard","hentry","category-garten"],"jetpack_publicize_connections":[],"jetpack_featured_media_url":"","jetpack_sharing_enabled":true,"jetpack_shortlink":"https:\/\/wp.me\/p8u0xc-g1","_links":{"self":[{"href":"https:\/\/marginalis.de\/index.php?rest_route=\/wp\/v2\/posts\/993","targetHints":{"allow":["GET"]}}],"collection":[{"href":"https:\/\/marginalis.de\/index.php?rest_route=\/wp\/v2\/posts"}],"about":[{"href":"https:\/\/marginalis.de\/index.php?rest_route=\/wp\/v2\/types\/post"}],"author":[{"embeddable":true,"href":"https:\/\/marginalis.de\/index.php?rest_route=\/wp\/v2\/users\/2"}],"replies":[{"embeddable":true,"href":"https:\/\/marginalis.de\/index.php?rest_route=%2Fwp%2Fv2%2Fcomments&post=993"}],"version-history":[{"count":2,"href":"https:\/\/marginalis.de\/index.php?rest_route=\/wp\/v2\/posts\/993\/revisions"}],"predecessor-version":[{"id":996,"href":"https:\/\/marginalis.de\/index.php?rest_route=\/wp\/v2\/posts\/993\/revisions\/996"}],"wp:attachment":[{"href":"https:\/\/marginalis.de\/index.php?rest_route=%2Fwp%2Fv2%2Fmedia&parent=993"}],"wp:term":[{"taxonomy":"category","embeddable":true,"href":"https:\/\/marginalis.de\/index.php?rest_route=%2Fwp%2Fv2%2Fcategories&post=993"},{"taxonomy":"post_tag","embeddable":true,"href":"https:\/\/marginalis.de\/index.php?rest_route=%2Fwp%2Fv2%2Ftags&post=993"}],"curies":[{"name":"wp","href":"https:\/\/api.w.org\/{rel}","templated":true}]}}